{"id":933,"date":"2018-04-21T21:19:25","date_gmt":"2018-04-21T19:19:25","guid":{"rendered":"https:\/\/www.tkelement.com\/?p=933"},"modified":"2018-04-30T14:05:11","modified_gmt":"2018-04-30T12:05:11","slug":"tancom-proti-rasizmu-je-spat","status":"publish","type":"post","link":"https:\/\/www.tkelement.com\/index.php\/2018\/04\/tancom-proti-rasizmu-je-spat\/","title":{"rendered":"TANCOM PROTI RASIZMU je sp\u00e4\u0165!"},"content":{"rendered":"<p><b>TANCOM PROTI RASIZMU 2018<\/b><\/p>\n<p>&nbsp;<\/p>\n<p><b>Hmmm&#8230; Tancom proti rasizmu&#8230; O\u00a0\u010do vlastne ide? <\/b><\/p>\n<p>V\u0161etci sme \u013eudia. Bez oh\u013eadu na rozdiely farby vlasov \u010di o\u010d\u00ed. Veku. V\u00fd\u0161ky. V\u00e1hy. V\u0160ETCI sme t\u00ed ist\u00ed \u013eudia&#8230; Bez rozdielov farby poko\u017eky. Tancom proti rasizmu je podujatie, ktor\u00e9 neuzn\u00e1va rasizmus, podporuje my\u0161lienku jednoty \u013eudstva, odmieta predsudky a\u00a0podce\u0148ovanie.<\/p>\n<p>Tane\u010dn\u00e9 podujatie z\u00e1rove\u0148 sp\u00e1ja tane\u010dn\u00edkov z\u00a0cel\u00e9ho Slovenska. Kedysi Chuck Davis, jeden v\u00fdnimo\u010dn\u00fd tane\u010dn\u00edk a\u00a0choreograf zvykol hovori\u0165: <i>\u201eK\u00fdm spolu tancujete, nem\u00e1te \u017eiaden \u010das na nen\u00e1vis\u0165. Aj tanec vie by\u0165 formou boja proti rasizmu, je toti\u017e prostriedkom soci\u00e1lnej zmeny.\u201c<\/i> Tento chlap\u00edk pl\u00e1noval by\u0165 o\u0161etrovate\u013eom&#8230;ka\u017ed\u00fd sme mali detsk\u00e9 sny. Zistil v\u0161ak, \u017ee o\u0161etrovate\u013estvo je lie\u010dba, ale tanec, to je prevencia. Proti rasizmu pretancoval ve\u013ek\u00fa \u010das\u0165 svojho \u017eivota a robil spr\u00e1vne.<\/p>\n<p><b>Pre\u010do m\u00e1me predsudky? Pre\u010do n\u00e1m niekto nie je sympatick\u00fd pod\u013ea farby pleti?<\/b><\/p>\n<p>Ako \u013eudia sme schopn\u00ed dopusti\u0165 sa stra\u0161n\u00fdch vec\u00ed.. Stra\u0161n\u00fdch, len preto, \u017ee sa n\u00e1m nep\u00e1\u010di niekoho \u201esfarbenie\u201c. Na\u010do je to dobr\u00e9? Nie je podstatn\u00e9 to, aby sme sa zamysleli nad t\u00fdm, \u010do ten \u010dlovek v\u00a0\u017eivote dok\u00e1zal, ak\u00e9 m\u00e1 srdce, ko\u013eko \u013eud\u00ed vo svojom \u017eivote neodsudzoval? Preto\u017ee pr\u00e1ve to s\u00fa veci, na ktor\u00fdch z\u00e1le\u017e\u00ed.<\/p>\n<p>\u017dijeme na jednej spolo\u010dnej plan\u00e9te, neust\u00e1le bojujeme za svoje pr\u00e1va ale drviv\u00e1 v\u00e4\u010d\u0161ina \u013eud\u00ed sa nezamysl\u00ed nad t\u00fdm, ko\u013eko \u013eud\u00ed inej farby by tie\u017e chcelo ma\u0165 tie ist\u00e9 pr\u00e1va. Chceme mier, ale ni\u010d preto nerob\u00edme. \u00c1no, \u017eel\u00e1me si ho&#8230; a\u00a0pros\u00edme \u0161t\u00e1t, aby sa o\u00a0ten mier postaral. Ale ide okolo \u010dlovek s\u00a0in\u00fdm odtie\u0148om poko\u017eky a\u00a0nepr\u00edde n\u00e1m sympatick\u00fd.. Sp\u00fdta sa n\u00e1s len na \u010das, ko\u013eko je hod\u00edn a\u00a0my so sklonenou hlavou prejdeme okolo \u2013 ni\u010d sme nepo\u010duli, nikto sa n\u00e1s ni\u010d nep\u00fdtal, ve\u010f je inej rasy, \u010do po mne chce? \u017dia\u013e, tak\u00fdchto \u013eud\u00ed je ve\u013ea. Ve\u013ea \u013eud\u00ed, \u010do m\u00e1 predsudky. Mali by sme to zredukova\u0165. MUS\u00cdME to zredukova\u0165. Ak neza\u010dneme vo svete robi\u0165 zmeny my \u013eudia tak kto? Mus\u00edme si by\u0165 rovn\u00ed. Nie je ni\u010d, \u010do n\u00e1s opr\u00e1v\u0148uje podce\u0148ova\u0165 druh\u00fdch. Ni\u010d, \u010do n\u00e1s od seba odli\u0161uje. Sme \u013eudia. A\u00a0mus\u00edme sa tak spr\u00e1va\u0165.<\/p>\n<p>A\u00a0preto, <b>PO\u010e BOJOVA\u0164 SPOLU S\u00a0NAMI u\u017e 16.06.2018<\/b>. Pr\u00ed\u010f podpori\u0165, \u010do je spr\u00e1vne, pr\u00ed\u010f odb\u00fara\u0165 predsudky. Preto\u017ee<b> v\u0161etci sme \u013dUDIA.<\/b><\/p>\n<p>&nbsp;<\/p>\n<p>Viac inform\u00e1ci\u00ed n\u00e1jdete na na\u0161om webe a soci\u00e1lnych sie\u0165ach u\u017e \u010doskoro. Zatia\u013e si zaspom\u00ednajte spolu s nami:<\/p>\n<p><iframe loading=\"lazy\" width=\"1170\" height=\"658\" src=\"https:\/\/www.youtube.com\/embed\/nebHulrc6-E?feature=oembed\" frameborder=\"0\" allow=\"autoplay; encrypted-media\" allowfullscreen><\/iframe><\/p>\n<p>alebo:<\/p>\n<p>&nbsp;<\/p>\n<p><iframe loading=\"lazy\" width=\"1170\" height=\"658\" src=\"https:\/\/www.youtube.com\/embed\/wt2XxHfupdA?feature=oembed\" frameborder=\"0\" allow=\"autoplay; encrypted-media\" allowfullscreen><\/iframe><\/p>\n<p>&nbsp;<\/p>\n<p>&nbsp;<\/p>\n<p>#tpr2018<\/p>\n","protected":false},"excerpt":{"rendered":"<p>TANCOM PROTI RASIZMU 2018 &nbsp; Hmmm&#8230; Tancom proti rasizmu&#8230; O\u00a0\u010do vlastne ide? V\u0161etci sme \u013eudia. Bez oh\u013eadu na rozdiely farby vlasov \u010di o\u010d\u00ed. Veku. V\u00fd\u0161ky. V\u00e1hy. V\u0160ETCI sme t\u00ed ist\u00ed \u013eudia&#8230; Bez rozdielov farby poko\u017eky. Tancom proti rasizmu je podujatie, ktor\u00e9 neuzn\u00e1va rasizmus, podporuje my\u0161lienku jednoty \u013eudstva, odmieta predsudky a\u00a0podce\u0148ovanie. Tane\u010dn\u00e9 podujatie z\u00e1rove\u0148 sp\u00e1ja tane\u010dn\u00edkov&hellip;<\/p>\n<p><a href=\"https:\/\/www.tkelement.com\/index.php\/2018\/04\/tancom-proti-rasizmu-je-spat\/\" class=\"read-more-link\">Read More &rarr;<\/a><\/p>\n","protected":false},"author":2,"featured_media":945,"comment_status":"closed","ping_status":"closed","sticky":false,"template":"","format":"standard","meta":{"footnotes":""},"categories":[1],"tags":[],"class_list":["post-933","post","type-post","status-publish","format-standard","has-post-thumbnail","hentry","category-nezaradene"],"_links":{"self":[{"href":"https:\/\/www.tkelement.com\/index.php\/wp-json\/wp\/v2\/posts\/933","targetHints":{"allow":["GET"]}}],"collection":[{"href":"https:\/\/www.tkelement.com\/index.php\/wp-json\/wp\/v2\/posts"}],"about":[{"href":"https:\/\/www.tkelement.com\/index.php\/wp-json\/wp\/v2\/types\/post"}],"author":[{"embeddable":true,"href":"https:\/\/www.tkelement.com\/index.php\/wp-json\/wp\/v2\/users\/2"}],"replies":[{"embeddable":true,"href":"https:\/\/www.tkelement.com\/index.php\/wp-json\/wp\/v2\/comments?post=933"}],"version-history":[{"count":0,"href":"https:\/\/www.tkelement.com\/index.php\/wp-json\/wp\/v2\/posts\/933\/revisions"}],"wp:featuredmedia":[{"embeddable":true,"href":"https:\/\/www.tkelement.com\/index.php\/wp-json\/wp\/v2\/media\/945"}],"wp:attachment":[{"href":"https:\/\/www.tkelement.com\/index.php\/wp-json\/wp\/v2\/media?parent=933"}],"wp:term":[{"taxonomy":"category","embeddable":true,"href":"https:\/\/www.tkelement.com\/index.php\/wp-json\/wp\/v2\/categories?post=933"},{"taxonomy":"post_tag","embeddable":true,"href":"https:\/\/www.tkelement.com\/index.php\/wp-json\/wp\/v2\/tags?post=933"}],"curies":[{"name":"wp","href":"https:\/\/api.w.org\/{rel}","templated":true}]}}